 
{"id":2703,"date":"2018-07-06T07:37:50","date_gmt":"2018-07-06T13:37:50","guid":{"rendered":"https:\/\/periodico.usac.edu.gt\/?p=2703"},"modified":"2018-07-06T07:37:50","modified_gmt":"2018-07-06T13:37:50","slug":"odontologia-inaugura-salon-de-usos-multiples","status":"publish","type":"post","link":"https:\/\/periodico.usac.edu.gt\/?p=2703","title":{"rendered":"Odontolog\u00eda inaugura sal\u00f3n de usos m\u00faltiples"},"content":{"rendered":"<p><a href=\"https:\/\/periodico.usac.edu.gt\/wp-content\/uploads\/2018\/07\/1.jpg\" rel=\"attachment wp-att-2704\"><img loading=\"lazy\" decoding=\"async\" class=\"aligncenter size-large wp-image-2706\" src=\"https:\/\/periodico.usac.edu.gt\/wp-content\/uploads\/2018\/07\/3-1024x678.jpg\" alt=\"3\" width=\"750\" height=\"497\" srcset=\"https:\/\/periodico.usac.edu.gt\/wp-content\/uploads\/2018\/07\/3-1024x678.jpg 1024w, https:\/\/periodico.usac.edu.gt\/wp-content\/uploads\/2018\/07\/3-300x199.jpg 300w, https:\/\/periodico.usac.edu.gt\/wp-content\/uploads\/2018\/07\/3-768x509.jpg 768w, https:\/\/periodico.usac.edu.gt\/wp-content\/uploads\/2018\/07\/3-100x66.jpg 100w, https:\/\/periodico.usac.edu.gt\/wp-content\/uploads\/2018\/07\/3-150x99.jpg 150w, https:\/\/periodico.usac.edu.gt\/wp-content\/uploads\/2018\/07\/3-200x132.jpg 200w, https:\/\/periodico.usac.edu.gt\/wp-content\/uploads\/2018\/07\/3-450x298.jpg 450w, https:\/\/periodico.usac.edu.gt\/wp-content\/uploads\/2018\/07\/3-600x397.jpg 600w, https:\/\/periodico.usac.edu.gt\/wp-content\/uploads\/2018\/07\/3-900x596.jpg 900w\" sizes=\"auto, (max-width: 750px) 100vw, 750px\" \/><br \/>\n<\/a><\/p>\n<p>El jueves 5 de junio se llev\u00f3 a cabo la inauguraci\u00f3n del Sal\u00f3n de Usos M\u00faltiples de la Facultad de Odontolog\u00eda, el cual fue remodelado y llevar\u00e1 por nombre \u201cDr. Jorge Mart\u00ednez Solares\u201d, exdecano y profesor de esa unidad acad\u00e9mica.<\/p>\n<p><img loading=\"lazy\" decoding=\"async\" class=\"aligncenter size-large wp-image-2704\" src=\"https:\/\/periodico.usac.edu.gt\/wp-content\/uploads\/2018\/07\/1-1024x678.jpg\" alt=\"1\" width=\"750\" height=\"497\" srcset=\"https:\/\/periodico.usac.edu.gt\/wp-content\/uploads\/2018\/07\/1-1024x678.jpg 1024w, https:\/\/periodico.usac.edu.gt\/wp-content\/uploads\/2018\/07\/1-300x199.jpg 300w, https:\/\/periodico.usac.edu.gt\/wp-content\/uploads\/2018\/07\/1-768x509.jpg 768w, https:\/\/periodico.usac.edu.gt\/wp-content\/uploads\/2018\/07\/1-100x66.jpg 100w, https:\/\/periodico.usac.edu.gt\/wp-content\/uploads\/2018\/07\/1-150x99.jpg 150w, https:\/\/periodico.usac.edu.gt\/wp-content\/uploads\/2018\/07\/1-200x132.jpg 200w, https:\/\/periodico.usac.edu.gt\/wp-content\/uploads\/2018\/07\/1-450x298.jpg 450w, https:\/\/periodico.usac.edu.gt\/wp-content\/uploads\/2018\/07\/1-600x397.jpg 600w, https:\/\/periodico.usac.edu.gt\/wp-content\/uploads\/2018\/07\/1-900x596.jpg 900w\" sizes=\"auto, (max-width: 750px) 100vw, 750px\" \/><\/p>\n<p><a href=\"https:\/\/periodico.usac.edu.gt\/wp-content\/uploads\/2018\/07\/3.jpg\" rel=\"attachment wp-att-2706\"><br \/>\n<\/a><br \/>\nEn un acto emotivo, la familia del Dr. Mart\u00ednez Solares hizo una semblanza de la vida acad\u00e9mica y familiar del odont\u00f3logo. El homenajeado estuvo presente en el corte de la cinta que daba por inaugurado el sal\u00f3n que cuenta con una galer\u00eda fotogr\u00e1fica de los decanos de Odontolog\u00eda.<br \/>\nAl acto asistieron el rector, Ing. Murphy Paiz; y el secretario general, Arq. Carlos Valladares, quienes hicieron menci\u00f3n de la trayectoria acad\u00e9mica de m\u00e1s de tres d\u00e9cadas que ha dejado el homenajeado a la facultad.<\/p>\n<p><a href=\"https:\/\/periodico.usac.edu.gt\/wp-content\/uploads\/2018\/07\/2.jpg\" rel=\"attachment wp-att-2705\"><img loading=\"lazy\" decoding=\"async\" class=\"aligncenter size-large wp-image-2705\" src=\"https:\/\/periodico.usac.edu.gt\/wp-content\/uploads\/2018\/07\/2-969x1024.jpg\" alt=\"2\" width=\"750\" height=\"793\" srcset=\"https:\/\/periodico.usac.edu.gt\/wp-content\/uploads\/2018\/07\/2-969x1024.jpg 969w, https:\/\/periodico.usac.edu.gt\/wp-content\/uploads\/2018\/07\/2-284x300.jpg 284w, https:\/\/periodico.usac.edu.gt\/wp-content\/uploads\/2018\/07\/2-768x811.jpg 768w, https:\/\/periodico.usac.edu.gt\/wp-content\/uploads\/2018\/07\/2-100x106.jpg 100w, https:\/\/periodico.usac.edu.gt\/wp-content\/uploads\/2018\/07\/2-150x158.jpg 150w, https:\/\/periodico.usac.edu.gt\/wp-content\/uploads\/2018\/07\/2-200x211.jpg 200w, https:\/\/periodico.usac.edu.gt\/wp-content\/uploads\/2018\/07\/2-300x317.jpg 300w, https:\/\/periodico.usac.edu.gt\/wp-content\/uploads\/2018\/07\/2-450x475.jpg 450w, https:\/\/periodico.usac.edu.gt\/wp-content\/uploads\/2018\/07\/2-600x634.jpg 600w, https:\/\/periodico.usac.edu.gt\/wp-content\/uploads\/2018\/07\/2-900x951.jpg 900w\" sizes=\"auto, (max-width: 750px) 100vw, 750px\" \/><\/a><\/p>\n","protected":false},"excerpt":{"rendered":"<p>El jueves 5 de junio se llev\u00f3 a cabo la inauguraci\u00f3n del Sal\u00f3n de Usos M\u00faltiples de la Facultad de Odontolog\u00eda, el cual fue remodelado y llevar\u00e1 por nombre \u201cDr. Jorge Mart\u00ednez Solares\u201d, exdecano y profesor de esa unidad acad\u00e9mica. En un acto emotivo, la familia del Dr. Mart\u00ednez Solares hizo una semblanza de la [&hellip;]<\/p>\n","protected":false},"author":7,"featured_media":0,"comment_status":"closed","ping_status":"open","sticky":false,"template":"","format":"standard","meta":{"footnotes":""},"categories":[1],"tags":[],"class_list":{"0":"post-2703","1":"post","2":"type-post","3":"status-publish","4":"format-standard","6":"category-sin-categoria","7":"czr-hentry"},"_links":{"self":[{"href":"https:\/\/periodico.usac.edu.gt\/index.php?rest_route=\/wp\/v2\/posts\/2703","targetHints":{"allow":["GET"]}}],"collection":[{"href":"https:\/\/periodico.usac.edu.gt\/index.php?rest_route=\/wp\/v2\/posts"}],"about":[{"href":"https:\/\/periodico.usac.edu.gt\/index.php?rest_route=\/wp\/v2\/types\/post"}],"author":[{"embeddable":true,"href":"https:\/\/periodico.usac.edu.gt\/index.php?rest_route=\/wp\/v2\/users\/7"}],"replies":[{"embeddable":true,"href":"https:\/\/periodico.usac.edu.gt\/index.php?rest_route=%2Fwp%2Fv2%2Fcomments&post=2703"}],"version-history":[{"count":1,"href":"https:\/\/periodico.usac.edu.gt\/index.php?rest_route=\/wp\/v2\/posts\/2703\/revisions"}],"predecessor-version":[{"id":2708,"href":"https:\/\/periodico.usac.edu.gt\/index.php?rest_route=\/wp\/v2\/posts\/2703\/revisions\/2708"}],"wp:attachment":[{"href":"https:\/\/periodico.usac.edu.gt\/index.php?rest_route=%2Fwp%2Fv2%2Fmedia&parent=2703"}],"wp:term":[{"taxonomy":"category","embeddable":true,"href":"https:\/\/periodico.usac.edu.gt\/index.php?rest_route=%2Fwp%2Fv2%2Fcategories&post=2703"},{"taxonomy":"post_tag","embeddable":true,"href":"https:\/\/periodico.usac.edu.gt\/index.php?rest_route=%2Fwp%2Fv2%2Ftags&post=2703"}],"curies":[{"name":"wp","href":"https:\/\/api.w.org\/{rel}","templated":true}]}}