 
{"id":2651,"date":"2018-04-25T11:57:23","date_gmt":"2018-04-25T17:57:23","guid":{"rendered":"https:\/\/periodico.usac.edu.gt\/?p=2651"},"modified":"2018-04-25T11:57:23","modified_gmt":"2018-04-25T17:57:23","slug":"celebracion-del-dia-de-la-secretaria","status":"publish","type":"post","link":"https:\/\/periodico.usac.edu.gt\/?p=2651","title":{"rendered":"Celebraci\u00f3n del D\u00eda de la Secretaria"},"content":{"rendered":"<p><a href=\"https:\/\/periodico.usac.edu.gt\/wp-content\/uploads\/2018\/04\/31353933_1526624544131066_463145341642866688_o.jpg\" rel=\"attachment wp-att-2657\"><img loading=\"lazy\" decoding=\"async\" class=\"aligncenter size-large wp-image-2652\" src=\"https:\/\/periodico.usac.edu.gt\/wp-content\/uploads\/2018\/04\/31239369_1526624467464407_9045782384775004160_o-1024x678.jpg\" alt=\"31239369_1526624467464407_9045782384775004160_o\" width=\"750\" height=\"497\" srcset=\"https:\/\/periodico.usac.edu.gt\/wp-content\/uploads\/2018\/04\/31239369_1526624467464407_9045782384775004160_o-1024x678.jpg 1024w, https:\/\/periodico.usac.edu.gt\/wp-content\/uploads\/2018\/04\/31239369_1526624467464407_9045782384775004160_o-300x199.jpg 300w, https:\/\/periodico.usac.edu.gt\/wp-content\/uploads\/2018\/04\/31239369_1526624467464407_9045782384775004160_o-768x509.jpg 768w, https:\/\/periodico.usac.edu.gt\/wp-content\/uploads\/2018\/04\/31239369_1526624467464407_9045782384775004160_o-100x66.jpg 100w, https:\/\/periodico.usac.edu.gt\/wp-content\/uploads\/2018\/04\/31239369_1526624467464407_9045782384775004160_o-150x99.jpg 150w, https:\/\/periodico.usac.edu.gt\/wp-content\/uploads\/2018\/04\/31239369_1526624467464407_9045782384775004160_o-200x132.jpg 200w, https:\/\/periodico.usac.edu.gt\/wp-content\/uploads\/2018\/04\/31239369_1526624467464407_9045782384775004160_o-450x298.jpg 450w, https:\/\/periodico.usac.edu.gt\/wp-content\/uploads\/2018\/04\/31239369_1526624467464407_9045782384775004160_o-600x397.jpg 600w, https:\/\/periodico.usac.edu.gt\/wp-content\/uploads\/2018\/04\/31239369_1526624467464407_9045782384775004160_o-900x596.jpg 900w, https:\/\/periodico.usac.edu.gt\/wp-content\/uploads\/2018\/04\/31239369_1526624467464407_9045782384775004160_o.jpg 1848w\" sizes=\"auto, (max-width: 750px) 100vw, 750px\" \/><br \/>\n<\/a>En el Sal\u00f3n Mayor del Centro Cultural Universitario (CCU), antiguo Paraninfo Universitario, se llev\u00f3 a cabo la celebraci\u00f3n del D\u00eda de la Secretaria. En la actividad la Licda. Ana V\u00e1squez de Bendefelt imparti\u00f3 la conferencia \u201cEl legado que quieres dejar\u201d, dirigida a todas las secretarias de la administraci\u00f3n central de la USAC.<\/p>\n<p><img loading=\"lazy\" decoding=\"async\" class=\"aligncenter size-large wp-image-2657\" src=\"https:\/\/periodico.usac.edu.gt\/wp-content\/uploads\/2018\/04\/31353933_1526624544131066_463145341642866688_o-1024x678.jpg\" alt=\"31353933_1526624544131066_463145341642866688_o\" width=\"750\" height=\"497\" srcset=\"https:\/\/periodico.usac.edu.gt\/wp-content\/uploads\/2018\/04\/31353933_1526624544131066_463145341642866688_o-1024x678.jpg 1024w, https:\/\/periodico.usac.edu.gt\/wp-content\/uploads\/2018\/04\/31353933_1526624544131066_463145341642866688_o-300x199.jpg 300w, https:\/\/periodico.usac.edu.gt\/wp-content\/uploads\/2018\/04\/31353933_1526624544131066_463145341642866688_o-768x509.jpg 768w, https:\/\/periodico.usac.edu.gt\/wp-content\/uploads\/2018\/04\/31353933_1526624544131066_463145341642866688_o-100x66.jpg 100w, https:\/\/periodico.usac.edu.gt\/wp-content\/uploads\/2018\/04\/31353933_1526624544131066_463145341642866688_o-150x99.jpg 150w, https:\/\/periodico.usac.edu.gt\/wp-content\/uploads\/2018\/04\/31353933_1526624544131066_463145341642866688_o-200x132.jpg 200w, https:\/\/periodico.usac.edu.gt\/wp-content\/uploads\/2018\/04\/31353933_1526624544131066_463145341642866688_o-450x298.jpg 450w, https:\/\/periodico.usac.edu.gt\/wp-content\/uploads\/2018\/04\/31353933_1526624544131066_463145341642866688_o-600x397.jpg 600w, https:\/\/periodico.usac.edu.gt\/wp-content\/uploads\/2018\/04\/31353933_1526624544131066_463145341642866688_o-900x596.jpg 900w, https:\/\/periodico.usac.edu.gt\/wp-content\/uploads\/2018\/04\/31353933_1526624544131066_463145341642866688_o.jpg 1848w\" sizes=\"auto, (max-width: 750px) 100vw, 750px\" \/><\/p>\n<p>El grupo musical sancarlista Liberosis tambi\u00e9n particip\u00f3 en la celebraci\u00f3n; al cierre de la misma, se realiz\u00f3 una rifa.<\/p>\n<p><a href=\"https:\/\/periodico.usac.edu.gt\/wp-content\/uploads\/2018\/04\/31389069_1526624584131062_5649084116931444736_o.jpg\" rel=\"attachment wp-att-2658\"><img loading=\"lazy\" decoding=\"async\" class=\"aligncenter size-large wp-image-2658\" src=\"https:\/\/periodico.usac.edu.gt\/wp-content\/uploads\/2018\/04\/31389069_1526624584131062_5649084116931444736_o-1024x678.jpg\" alt=\"31389069_1526624584131062_5649084116931444736_o\" width=\"750\" height=\"497\" srcset=\"https:\/\/periodico.usac.edu.gt\/wp-content\/uploads\/2018\/04\/31389069_1526624584131062_5649084116931444736_o-1024x678.jpg 1024w, https:\/\/periodico.usac.edu.gt\/wp-content\/uploads\/2018\/04\/31389069_1526624584131062_5649084116931444736_o-300x199.jpg 300w, https:\/\/periodico.usac.edu.gt\/wp-content\/uploads\/2018\/04\/31389069_1526624584131062_5649084116931444736_o-768x509.jpg 768w, https:\/\/periodico.usac.edu.gt\/wp-content\/uploads\/2018\/04\/31389069_1526624584131062_5649084116931444736_o-100x66.jpg 100w, https:\/\/periodico.usac.edu.gt\/wp-content\/uploads\/2018\/04\/31389069_1526624584131062_5649084116931444736_o-150x99.jpg 150w, https:\/\/periodico.usac.edu.gt\/wp-content\/uploads\/2018\/04\/31389069_1526624584131062_5649084116931444736_o-200x132.jpg 200w, https:\/\/periodico.usac.edu.gt\/wp-content\/uploads\/2018\/04\/31389069_1526624584131062_5649084116931444736_o-450x298.jpg 450w, https:\/\/periodico.usac.edu.gt\/wp-content\/uploads\/2018\/04\/31389069_1526624584131062_5649084116931444736_o-600x397.jpg 600w, https:\/\/periodico.usac.edu.gt\/wp-content\/uploads\/2018\/04\/31389069_1526624584131062_5649084116931444736_o-900x596.jpg 900w, https:\/\/periodico.usac.edu.gt\/wp-content\/uploads\/2018\/04\/31389069_1526624584131062_5649084116931444736_o.jpg 1848w\" sizes=\"auto, (max-width: 750px) 100vw, 750px\" \/><\/a><\/p>\n<p>Se cont\u00f3 con la presencia de autoridades universitarias e invitados: Dr. Carlos Guillermo Alvarado Cerezo, rector; Dr. Carlos Camey, secretario general; Lic. Axel Popol Oliva, director general de Docencia; Arq. Alenka Barreda; Lic. Lester God\u00ednez, director del CCU; Licda. Olga Mar\u00eda Moscoso; e Ing. \u00c1lvaro Folgar, director de Extensi\u00f3n Universitaria.<\/p>\n<p><a href=\"https:\/\/periodico.usac.edu.gt\/wp-content\/uploads\/2018\/04\/31402976_1526624287464425_6571660435190185984_o.jpg\" rel=\"attachment wp-att-2659\"><img loading=\"lazy\" decoding=\"async\" class=\"aligncenter size-large wp-image-2659\" src=\"https:\/\/periodico.usac.edu.gt\/wp-content\/uploads\/2018\/04\/31402976_1526624287464425_6571660435190185984_o-1024x678.jpg\" alt=\"31402976_1526624287464425_6571660435190185984_o\" width=\"750\" height=\"497\" srcset=\"https:\/\/periodico.usac.edu.gt\/wp-content\/uploads\/2018\/04\/31402976_1526624287464425_6571660435190185984_o-1024x678.jpg 1024w, https:\/\/periodico.usac.edu.gt\/wp-content\/uploads\/2018\/04\/31402976_1526624287464425_6571660435190185984_o-300x199.jpg 300w, https:\/\/periodico.usac.edu.gt\/wp-content\/uploads\/2018\/04\/31402976_1526624287464425_6571660435190185984_o-768x509.jpg 768w, https:\/\/periodico.usac.edu.gt\/wp-content\/uploads\/2018\/04\/31402976_1526624287464425_6571660435190185984_o-100x66.jpg 100w, https:\/\/periodico.usac.edu.gt\/wp-content\/uploads\/2018\/04\/31402976_1526624287464425_6571660435190185984_o-150x99.jpg 150w, https:\/\/periodico.usac.edu.gt\/wp-content\/uploads\/2018\/04\/31402976_1526624287464425_6571660435190185984_o-200x132.jpg 200w, https:\/\/periodico.usac.edu.gt\/wp-content\/uploads\/2018\/04\/31402976_1526624287464425_6571660435190185984_o-450x298.jpg 450w, https:\/\/periodico.usac.edu.gt\/wp-content\/uploads\/2018\/04\/31402976_1526624287464425_6571660435190185984_o-600x397.jpg 600w, https:\/\/periodico.usac.edu.gt\/wp-content\/uploads\/2018\/04\/31402976_1526624287464425_6571660435190185984_o-900x596.jpg 900w, https:\/\/periodico.usac.edu.gt\/wp-content\/uploads\/2018\/04\/31402976_1526624287464425_6571660435190185984_o.jpg 1848w\" sizes=\"auto, (max-width: 750px) 100vw, 750px\" \/><\/a><\/p>\n<p><a href=\"https:\/\/periodico.usac.edu.gt\/wp-content\/uploads\/2018\/04\/31301654_1526624297464424_6841625200195272704_o.jpg\" rel=\"attachment wp-att-2655\"><img loading=\"lazy\" decoding=\"async\" class=\"aligncenter size-large wp-image-2655\" src=\"https:\/\/periodico.usac.edu.gt\/wp-content\/uploads\/2018\/04\/31301654_1526624297464424_6841625200195272704_o-1024x678.jpg\" alt=\"31301654_1526624297464424_6841625200195272704_o\" width=\"750\" height=\"497\" srcset=\"https:\/\/periodico.usac.edu.gt\/wp-content\/uploads\/2018\/04\/31301654_1526624297464424_6841625200195272704_o-1024x678.jpg 1024w, https:\/\/periodico.usac.edu.gt\/wp-content\/uploads\/2018\/04\/31301654_1526624297464424_6841625200195272704_o-300x199.jpg 300w, https:\/\/periodico.usac.edu.gt\/wp-content\/uploads\/2018\/04\/31301654_1526624297464424_6841625200195272704_o-768x509.jpg 768w, https:\/\/periodico.usac.edu.gt\/wp-content\/uploads\/2018\/04\/31301654_1526624297464424_6841625200195272704_o-100x66.jpg 100w, https:\/\/periodico.usac.edu.gt\/wp-content\/uploads\/2018\/04\/31301654_1526624297464424_6841625200195272704_o-150x99.jpg 150w, https:\/\/periodico.usac.edu.gt\/wp-content\/uploads\/2018\/04\/31301654_1526624297464424_6841625200195272704_o-200x132.jpg 200w, https:\/\/periodico.usac.edu.gt\/wp-content\/uploads\/2018\/04\/31301654_1526624297464424_6841625200195272704_o-450x298.jpg 450w, https:\/\/periodico.usac.edu.gt\/wp-content\/uploads\/2018\/04\/31301654_1526624297464424_6841625200195272704_o-600x397.jpg 600w, https:\/\/periodico.usac.edu.gt\/wp-content\/uploads\/2018\/04\/31301654_1526624297464424_6841625200195272704_o-900x596.jpg 900w, https:\/\/periodico.usac.edu.gt\/wp-content\/uploads\/2018\/04\/31301654_1526624297464424_6841625200195272704_o.jpg 1848w\" sizes=\"auto, (max-width: 750px) 100vw, 750px\" \/><\/a><\/p>\n","protected":false},"excerpt":{"rendered":"<p>En el Sal\u00f3n Mayor del Centro Cultural Universitario (CCU), antiguo Paraninfo Universitario, se llev\u00f3 a cabo la celebraci\u00f3n del D\u00eda de la Secretaria. En la actividad la Licda. Ana V\u00e1squez de Bendefelt imparti\u00f3 la conferencia \u201cEl legado que quieres dejar\u201d, dirigida a todas las secretarias de la administraci\u00f3n central de la USAC. El grupo musical [&hellip;]<\/p>\n","protected":false},"author":7,"featured_media":0,"comment_status":"closed","ping_status":"open","sticky":false,"template":"","format":"standard","meta":{"footnotes":""},"categories":[1],"tags":[],"class_list":{"0":"post-2651","1":"post","2":"type-post","3":"status-publish","4":"format-standard","6":"category-sin-categoria","7":"czr-hentry"},"_links":{"self":[{"href":"https:\/\/periodico.usac.edu.gt\/index.php?rest_route=\/wp\/v2\/posts\/2651","targetHints":{"allow":["GET"]}}],"collection":[{"href":"https:\/\/periodico.usac.edu.gt\/index.php?rest_route=\/wp\/v2\/posts"}],"about":[{"href":"https:\/\/periodico.usac.edu.gt\/index.php?rest_route=\/wp\/v2\/types\/post"}],"author":[{"embeddable":true,"href":"https:\/\/periodico.usac.edu.gt\/index.php?rest_route=\/wp\/v2\/users\/7"}],"replies":[{"embeddable":true,"href":"https:\/\/periodico.usac.edu.gt\/index.php?rest_route=%2Fwp%2Fv2%2Fcomments&post=2651"}],"version-history":[{"count":2,"href":"https:\/\/periodico.usac.edu.gt\/index.php?rest_route=\/wp\/v2\/posts\/2651\/revisions"}],"predecessor-version":[{"id":2661,"href":"https:\/\/periodico.usac.edu.gt\/index.php?rest_route=\/wp\/v2\/posts\/2651\/revisions\/2661"}],"wp:attachment":[{"href":"https:\/\/periodico.usac.edu.gt\/index.php?rest_route=%2Fwp%2Fv2%2Fmedia&parent=2651"}],"wp:term":[{"taxonomy":"category","embeddable":true,"href":"https:\/\/periodico.usac.edu.gt\/index.php?rest_route=%2Fwp%2Fv2%2Fcategories&post=2651"},{"taxonomy":"post_tag","embeddable":true,"href":"https:\/\/periodico.usac.edu.gt\/index.php?rest_route=%2Fwp%2Fv2%2Ftags&post=2651"}],"curies":[{"name":"wp","href":"https:\/\/api.w.org\/{rel}","templated":true}]}}